{"id":4807,"date":"2018-10-22T20:23:43","date_gmt":"2018-10-22T18:23:43","guid":{"rendered":"https:\/\/forumszombathely.hu\/?p=4807"},"modified":"2019-01-28T18:36:01","modified_gmt":"2019-01-28T17:36:01","slug":"archaeologische-werkstatt-und-kulturstaette-iseum","status":"publish","type":"post","link":"https:\/\/forumszombathely.hu\/de\/archaeologische-werkstatt-und-kulturstaette-iseum\/","title":{"rendered":"Arch\u00e4ologische Werkstatt und Kulturst\u00e4tte &#8222;ISEUM&#8220;"},"content":{"rendered":"<p class=\"lv-loc\"><strong>C\u00edm:<\/strong> 9700 Szombathely,\u00a0R\u00e1k\u00f3czi Ferenc utca 6.-8.<\/p>\n<p class=\"lv-loc\"><i class=\"ion-ios-telephone lv-phone-icon\"><\/i><span class=\"lv-phone\"><strong>Telefon:<\/strong> +3694501709, +3694900255,\u00a0+36303118794<\/span><\/p>\n<p class=\"lv-loc\"><i class=\"ion-android-globe lv-website-icon\"><\/i><i class=\"ion-email lv-email-icon\"><\/i><span class=\"lv-email\"><strong>Mail:<\/strong> <a>iseumsavariense@gmail.com<\/a><\/span><\/p>\n<p><strong>Web:<\/strong> <a href=\"http:\/\/iseumsavariense.hu\">http:\/\/savariamuseum.hu<\/a><\/p>\n<p><strong>Nyitvatart\u00e1s:<\/strong><\/p>\n<table border=\"0\" width=\"452\" cellspacing=\"0\" cellpadding=\"0\">\n<colgroup>\n<col width=\"200\" \/>\n<col width=\"252\" \/><\/colgroup>\n<tbody>\n<tr>\n<td class=\"xl65\" width=\"200\" height=\"27\">H\u00e9tf\u0151<\/td>\n<td class=\"xl66\" width=\"252\">Z\u00c1RVA<\/td>\n<\/tr>\n<tr>\n<td class=\"xl65\" height=\"27\">\n<div><span style=\"font-family: inherit; font-size: inherit;\">Kedd<\/span><\/div>\n<\/td>\n<td class=\"xl66\" width=\"252\">10:00 &#8211; 17:00<\/td>\n<\/tr>\n<tr>\n<td class=\"xl65\" height=\"27\">Szerda<\/td>\n<td class=\"xl66\" width=\"252\">10:00 &#8211; 17:00<\/td>\n<\/tr>\n<tr>\n<td class=\"xl65\" height=\"27\">Cs\u00fct\u00f6rt\u00f6k<\/td>\n<td class=\"xl66\" width=\"252\">10:00 &#8211; 17:00<\/td>\n<\/tr>\n<tr>\n<td class=\"xl65\" height=\"27\">P\u00e9ntek<\/td>\n<td class=\"xl66\" width=\"252\">10:00 &#8211; 17:00<\/td>\n<\/tr>\n<tr>\n<td class=\"xl65\" height=\"27\">Szombat<\/td>\n<td class=\"xl66\" width=\"252\">10:00 &#8211; 17:00<\/td>\n<\/tr>\n<tr>\n<td class=\"xl65\" height=\"27\">Vas\u00e1rnap<\/td>\n<td class=\"xl66\" width=\"252\">10:00 &#8211; 17:00<\/td>\n<\/tr>\n<\/tbody>\n<\/table>\n\n\t\t<style type=\"text\/css\">\n\t\t\t#gallery-1 {\n\t\t\t\tmargin: auto;\n\t\t\t}\n\t\t\t#gallery-1 .gallery-item {\n\t\t\t\tfloat: left;\n\t\t\t\tmargin-top: 10px;\n\t\t\t\ttext-align: center;\n\t\t\t\twidth: 33%;\n\t\t\t}\n\t\t\t#gallery-1 img {\n\t\t\t\tborder: 2px solid #cfcfcf;\n\t\t\t}\n\t\t\t#gallery-1 .gallery-caption {\n\t\t\t\tmargin-left: 0;\n\t\t\t}\n\t\t\t\/* see gallery_shortcode() in wp-includes\/media.php *\/\n\t\t<\/style>\n\t\t<div id='gallery-1' class='gallery galleryid-4807 gallery-columns-3 gallery-size-large'><dl class='gallery-item'>\n\t\t\t<dt class='gallery-icon landscape'>\n\t\t\t\t<a href='https:\/\/forumszombathely.hu\/wp-content\/uploads\/szombathely-makettvaros-iseum01.jpg'><img loading=\"lazy\" decoding=\"async\" width=\"1024\" height=\"683\" src=\"https:\/\/forumszombathely.hu\/wp-content\/uploads\/szombathely-makettvaros-iseum01-1024x683.jpg\" class=\"attachment-large size-large\" alt=\"\" srcset=\"https:\/\/forumszombathely.hu\/wp-content\/uploads\/szombathely-makettvaros-iseum01-1024x683.jpg 1024w, https:\/\/forumszombathely.hu\/wp-content\/uploads\/szombathely-makettvaros-iseum01-300x200.jpg 300w, https:\/\/forumszombathely.hu\/wp-content\/uploads\/szombathely-makettvaros-iseum01-768x512.jpg 768w, https:\/\/forumszombathely.hu\/wp-content\/uploads\/szombathely-makettvaros-iseum01.jpg 1600w\" sizes=\"(max-width: 1024px) 100vw, 1024px\" \/><\/a>\n\t\t\t<\/dt><\/dl><dl class='gallery-item'>\n\t\t\t<dt class='gallery-icon landscape'>\n\t\t\t\t<a href='https:\/\/forumszombathely.hu\/wp-content\/uploads\/szombathely-makettvaros-iseum02.jpg'><img loading=\"lazy\" decoding=\"async\" width=\"1024\" height=\"683\" src=\"https:\/\/forumszombathely.hu\/wp-content\/uploads\/szombathely-makettvaros-iseum02-1024x683.jpg\" class=\"attachment-large size-large\" alt=\"\" srcset=\"https:\/\/forumszombathely.hu\/wp-content\/uploads\/szombathely-makettvaros-iseum02-1024x683.jpg 1024w, https:\/\/forumszombathely.hu\/wp-content\/uploads\/szombathely-makettvaros-iseum02-300x200.jpg 300w, https:\/\/forumszombathely.hu\/wp-content\/uploads\/szombathely-makettvaros-iseum02-768x512.jpg 768w, https:\/\/forumszombathely.hu\/wp-content\/uploads\/szombathely-makettvaros-iseum02.jpg 1600w\" sizes=\"(max-width: 1024px) 100vw, 1024px\" \/><\/a>\n\t\t\t<\/dt><\/dl><dl class='gallery-item'>\n\t\t\t<dt class='gallery-icon portrait'>\n\t\t\t\t<a href='https:\/\/forumszombathely.hu\/wp-content\/uploads\/szombathely-makettvaros-iseum03.jpg'><img loading=\"lazy\" decoding=\"async\" width=\"683\" height=\"1024\" src=\"https:\/\/forumszombathely.hu\/wp-content\/uploads\/szombathely-makettvaros-iseum03-683x1024.jpg\" class=\"attachment-large size-large\" alt=\"\" srcset=\"https:\/\/forumszombathely.hu\/wp-content\/uploads\/szombathely-makettvaros-iseum03-683x1024.jpg 683w, https:\/\/forumszombathely.hu\/wp-content\/uploads\/szombathely-makettvaros-iseum03-200x300.jpg 200w, https:\/\/forumszombathely.hu\/wp-content\/uploads\/szombathely-makettvaros-iseum03-768x1152.jpg 768w, https:\/\/forumszombathely.hu\/wp-content\/uploads\/szombathely-makettvaros-iseum03.jpg 1600w\" sizes=\"(max-width: 683px) 100vw, 683px\" \/><\/a>\n\t\t\t<\/dt><\/dl><br style=\"clear: both\" \/><dl class='gallery-item'>\n\t\t\t<dt class='gallery-icon portrait'>\n\t\t\t\t<a href='https:\/\/forumszombathely.hu\/wp-content\/uploads\/szombathely-makettvaros-iseum04.jpg'><img loading=\"lazy\" decoding=\"async\" width=\"812\" height=\"1024\" src=\"https:\/\/forumszombathely.hu\/wp-content\/uploads\/szombathely-makettvaros-iseum04-812x1024.jpg\" class=\"attachment-large size-large\" alt=\"\" srcset=\"https:\/\/forumszombathely.hu\/wp-content\/uploads\/szombathely-makettvaros-iseum04-812x1024.jpg 812w, https:\/\/forumszombathely.hu\/wp-content\/uploads\/szombathely-makettvaros-iseum04-238x300.jpg 238w, https:\/\/forumszombathely.hu\/wp-content\/uploads\/szombathely-makettvaros-iseum04-768x968.jpg 768w, https:\/\/forumszombathely.hu\/wp-content\/uploads\/szombathely-makettvaros-iseum04.jpg 1600w\" sizes=\"(max-width: 812px) 100vw, 812px\" \/><\/a>\n\t\t\t<\/dt><\/dl><dl class='gallery-item'>\n\t\t\t<dt class='gallery-icon landscape'>\n\t\t\t\t<a href='https:\/\/forumszombathely.hu\/wp-content\/uploads\/szombathely-makettvaros-iseum05.jpg'><img loading=\"lazy\" decoding=\"async\" width=\"1024\" height=\"732\" src=\"https:\/\/forumszombathely.hu\/wp-content\/uploads\/szombathely-makettvaros-iseum05-1024x732.jpg\" class=\"attachment-large size-large\" alt=\"\" srcset=\"https:\/\/forumszombathely.hu\/wp-content\/uploads\/szombathely-makettvaros-iseum05-1024x732.jpg 1024w, https:\/\/forumszombathely.hu\/wp-content\/uploads\/szombathely-makettvaros-iseum05-300x215.jpg 300w, https:\/\/forumszombathely.hu\/wp-content\/uploads\/szombathely-makettvaros-iseum05-768x549.jpg 768w, https:\/\/forumszombathely.hu\/wp-content\/uploads\/szombathely-makettvaros-iseum05.jpg 1600w\" sizes=\"(max-width: 1024px) 100vw, 1024px\" \/><\/a>\n\t\t\t<\/dt><\/dl><dl class='gallery-item'>\n\t\t\t<dt class='gallery-icon landscape'>\n\t\t\t\t<a href='https:\/\/forumszombathely.hu\/wp-content\/uploads\/szombathely-makettvaros-iseum06.jpg'><img loading=\"lazy\" decoding=\"async\" width=\"1024\" height=\"683\" src=\"https:\/\/forumszombathely.hu\/wp-content\/uploads\/szombathely-makettvaros-iseum06-1024x683.jpg\" class=\"attachment-large size-large\" alt=\"\" srcset=\"https:\/\/forumszombathely.hu\/wp-content\/uploads\/szombathely-makettvaros-iseum06-1024x683.jpg 1024w, https:\/\/forumszombathely.hu\/wp-content\/uploads\/szombathely-makettvaros-iseum06-300x200.jpg 300w, https:\/\/forumszombathely.hu\/wp-content\/uploads\/szombathely-makettvaros-iseum06-768x512.jpg 768w, https:\/\/forumszombathely.hu\/wp-content\/uploads\/szombathely-makettvaros-iseum06.jpg 1600w\" sizes=\"(max-width: 1024px) 100vw, 1024px\" \/><\/a>\n\t\t\t<\/dt><\/dl><br style=\"clear: both\" \/>\n\t\t<\/div>\n\n","protected":false},"excerpt":{"rendered":"<p>C\u00edm: 9700 Szombathely,\u00a0R\u00e1k\u00f3czi Ferenc utca 6.-8. Telefon: +3694501709, +3694900255,\u00a0+36303118794 Mail: iseumsavariense@gmail.com Web: http:\/\/savariamuseum.hu Nyitvatart\u00e1s: H\u00e9tf\u0151 Z\u00c1RVA Kedd 10:00 &#8211; 17:00 Szerda 10:00 &#8211; 17:00 Cs\u00fct\u00f6rt\u00f6k 10:00 &#8211; 17:00 P\u00e9ntek 10:00 &#8211; 17:00 Szombat 10:00 &#8211; 17:00 Vas\u00e1rnap 10:00 &#8211; 17:00 \n\t\t<style type=\"text\/css\">\n\t\t\t#gallery-2 {\n\t\t\t\tmargin: auto;\n\t\t\t}\n\t\t\t#gallery-2 .gallery-item {\n\t\t\t\tfloat: left;\n\t\t\t\tmargin-top: 10px;\n\t\t\t\ttext-align: center;\n\t\t\t\twidth: 33%;\n\t\t\t}\n\t\t\t#gallery-2 img {\n\t\t\t\tborder: 2px solid #cfcfcf;\n\t\t\t}\n\t\t\t#gallery-2 .gallery-caption {\n\t\t\t\tmargin-left: 0;\n\t\t\t}\n\t\t\t\/* see gallery_shortcode() in wp-includes\/media.php *\/\n\t\t<\/style>\n\t\t<div id='gallery-2' class='gallery galleryid-4807 gallery-columns-3 gallery-size-large'><dl class='gallery-item'>\n\t\t\t<dt class='gallery-icon landscape'>\n\t\t\t\t<a href='https:\/\/forumszombathely.hu\/wp-content\/uploads\/szombathely-makettvaros-iseum01.jpg'><img width=\"1024\" height=\"683\" src=\"https:\/\/forumszombathely.hu\/wp-content\/uploads\/szombathely-makettvaros-iseum01-1024x683.jpg\" class=\"attachment-large size-large\" alt=\"\" decoding=\"async\" loading=\"lazy\" srcset=\"https:\/\/forumszombathely.hu\/wp-content\/uploads\/szombathely-makettvaros-iseum01-1024x683.jpg 1024w, https:\/\/forumszombathely.hu\/wp-content\/uploads\/szombathely-makettvaros-iseum01-300x200.jpg 300w, https:\/\/forumszombathely.hu\/wp-content\/uploads\/szombathely-makettvaros-iseum01-768x512.jpg 768w, https:\/\/forumszombathely.hu\/wp-content\/uploads\/szombathely-makettvaros-iseum01.jpg 1600w\" sizes=\"(max-width: 1024px) 100vw, 1024px\" \/><\/a>\n\t\t\t<\/dt><\/dl><dl class='gallery-item'>\n\t\t\t<dt class='gallery-icon landscape'>\n\t\t\t\t<a href='https:\/\/forumszombathely.hu\/wp-content\/uploads\/szombathely-makettvaros-iseum02.jpg'><img width=\"1024\" height=\"683\" src=\"https:\/\/forumszombathely.hu\/wp-content\/uploads\/szombathely-makettvaros-iseum02-1024x683.jpg\" class=\"attachment-large size-large\" alt=\"\" decoding=\"async\" loading=\"lazy\" srcset=\"https:\/\/forumszombathely.hu\/wp-content\/uploads\/szombathely-makettvaros-iseum02-1024x683.jpg 1024w, https:\/\/forumszombathely.hu\/wp-content\/uploads\/szombathely-makettvaros-iseum02-300x200.jpg 300w, https:\/\/forumszombathely.hu\/wp-content\/uploads\/szombathely-makettvaros-iseum02-768x512.jpg 768w, https:\/\/forumszombathely.hu\/wp-content\/uploads\/szombathely-makettvaros-iseum02.jpg 1600w\" sizes=\"(max-width: 1024px) 100vw, 1024px\" \/><\/a>\n\t\t\t<\/dt><\/dl><dl class='gallery-item'>\n\t\t\t<dt class='gallery-icon portrait'>\n\t\t\t\t<a href='https:\/\/forumszombathely.hu\/wp-content\/uploads\/szombathely-makettvaros-iseum03.jpg'><img width=\"683\" height=\"1024\" src=\"https:\/\/forumszombathely.hu\/wp-content\/uploads\/szombathely-makettvaros-iseum03-683x1024.jpg\" class=\"attachment-large size-large\" alt=\"\" decoding=\"async\" loading=\"lazy\" srcset=\"https:\/\/forumszombathely.hu\/wp-content\/uploads\/szombathely-makettvaros-iseum03-683x1024.jpg 683w, https:\/\/forumszombathely.hu\/wp-content\/uploads\/szombathely-makettvaros-iseum03-200x300.jpg 200w, https:\/\/forumszombathely.hu\/wp-content\/uploads\/szombathely-makettvaros-iseum03-768x1152.jpg 768w, https:\/\/forumszombathely.hu\/wp-content\/uploads\/szombathely-makettvaros-iseum03.jpg 1600w\" sizes=\"(max-width: 683px) 100vw, 683px\" \/><\/a>\n\t\t\t<\/dt><\/dl><br style=\"clear: both\" \/><dl class='gallery-item'>\n\t\t\t<dt class='gallery-icon portrait'>\n\t\t\t\t<a href='https:\/\/forumszombathely.hu\/wp-content\/uploads\/szombathely-makettvaros-iseum04.jpg'><img width=\"812\" height=\"1024\" src=\"https:\/\/forumszombathely.hu\/wp-content\/uploads\/szombathely-makettvaros-iseum04-812x1024.jpg\" class=\"attachment-large size-large\" alt=\"\" decoding=\"async\" loading=\"lazy\" srcset=\"https:\/\/forumszombathely.hu\/wp-content\/uploads\/szombathely-makettvaros-iseum04-812x1024.jpg 812w, https:\/\/forumszombathely.hu\/wp-content\/uploads\/szombathely-makettvaros-iseum04-238x300.jpg 238w, https:\/\/forumszombathely.hu\/wp-content\/uploads\/szombathely-makettvaros-iseum04-768x968.jpg 768w, https:\/\/forumszombathely.hu\/wp-content\/uploads\/szombathely-makettvaros-iseum04.jpg 1600w\" sizes=\"(max-width: 812px) 100vw, 812px\" \/><\/a>\n\t\t\t<\/dt><\/dl><dl class='gallery-item'>\n\t\t\t<dt class='gallery-icon landscape'>\n\t\t\t\t<a href='https:\/\/forumszombathely.hu\/wp-content\/uploads\/szombathely-makettvaros-iseum05.jpg'><img width=\"1024\" height=\"732\" src=\"https:\/\/forumszombathely.hu\/wp-content\/uploads\/szombathely-makettvaros-iseum05-1024x732.jpg\" class=\"attachment-large size-large\" alt=\"\" decoding=\"async\" loading=\"lazy\" srcset=\"https:\/\/forumszombathely.hu\/wp-content\/uploads\/szombathely-makettvaros-iseum05-1024x732.jpg 1024w, https:\/\/forumszombathely.hu\/wp-content\/uploads\/szombathely-makettvaros-iseum05-300x215.jpg 300w, https:\/\/forumszombathely.hu\/wp-content\/uploads\/szombathely-makettvaros-iseum05-768x549.jpg 768w, https:\/\/forumszombathely.hu\/wp-content\/uploads\/szombathely-makettvaros-iseum05.jpg 1600w\" sizes=\"(max-width: 1024px) 100vw, 1024px\" \/><\/a>\n\t\t\t<\/dt><\/dl><dl class='gallery-item'>\n\t\t\t<dt class='gallery-icon landscape'>\n\t\t\t\t<a href='https:\/\/forumszombathely.hu\/wp-content\/uploads\/szombathely-makettvaros-iseum06.jpg'><img width=\"1024\" height=\"683\" src=\"https:\/\/forumszombathely.hu\/wp-content\/uploads\/szombathely-makettvaros-iseum06-1024x683.jpg\" class=\"attachment-large size-large\" alt=\"\" decoding=\"async\" loading=\"lazy\" srcset=\"https:\/\/forumszombathely.hu\/wp-content\/uploads\/szombathely-makettvaros-iseum06-1024x683.jpg 1024w, https:\/\/forumszombathely.hu\/wp-content\/uploads\/szombathely-makettvaros-iseum06-300x200.jpg 300w, https:\/\/forumszombathely.hu\/wp-content\/uploads\/szombathely-makettvaros-iseum06-768x512.jpg 768w, https:\/\/forumszombathely.hu\/wp-content\/uploads\/szombathely-makettvaros-iseum06.jpg 1600w\" sizes=\"(max-width: 1024px) 100vw, 1024px\" \/><\/a>\n\t\t\t<\/dt><\/dl><br style=\"clear: both\" \/>\n\t\t<\/div>\n<\/p>\n","protected":false},"author":1,"featured_media":4808,"comment_status":"closed","ping_status":"closed","sticky":false,"template":"","format":"standard","meta":{"_et_pb_use_builder":"on","_et_pb_old_content":"","_et_gb_content_width":"","footnotes":""},"categories":[56],"tags":[],"class_list":["post-4807","post","type-post","status-publish","format-standard","has-post-thumbnail","hentry","category-latnivalok-de"],"yoast_head":"<!-- This site is optimized with the Yoast SEO plugin v27.2 - https:\/\/yoast.com\/product\/yoast-seo-wordpress\/ -->\n<title>Arch\u00e4ologische Werkstatt und Kulturst\u00e4tte &quot;ISEUM&quot; - Forum Hotel ****<\/title>\n<meta name=\"robots\" content=\"index, follow, max-snippet:-1, max-image-preview:large, max-video-preview:-1\" \/>\n<link rel=\"canonical\" href=\"https:\/\/forumszombathely.hu\/de\/archaeologische-werkstatt-und-kulturstaette-iseum\/\" \/>\n<meta property=\"og:locale\" content=\"de_DE\" \/>\n<meta property=\"og:type\" content=\"article\" \/>\n<meta property=\"og:title\" content=\"Arch\u00e4ologische Werkstatt und Kulturst\u00e4tte &quot;ISEUM&quot; - Forum Hotel ****\" \/>\n<meta property=\"og:description\" content=\"C\u00edm: 9700 Szombathely,\u00a0R\u00e1k\u00f3czi Ferenc utca 6.-8. Telefon: +3694501709, +3694900255,\u00a0+36303118794 Mail: iseumsavariense@gmail.com Web: http:\/\/savariamuseum.hu Nyitvatart\u00e1s: H\u00e9tf\u0151 Z\u00c1RVA Kedd 10:00 - 17:00 Szerda 10:00 - 17:00 Cs\u00fct\u00f6rt\u00f6k 10:00 - 17:00 P\u00e9ntek 10:00 - 17:00 Szombat 10:00 - 17:00 Vas\u00e1rnap 10:00 - 17:00\" \/>\n<meta property=\"og:url\" content=\"https:\/\/forumszombathely.hu\/de\/archaeologische-werkstatt-und-kulturstaette-iseum\/\" \/>\n<meta property=\"og:site_name\" content=\"Forum Hotel ****\" \/>\n<meta property=\"article:published_time\" content=\"2018-10-22T18:23:43+00:00\" \/>\n<meta property=\"article:modified_time\" content=\"2019-01-28T17:36:01+00:00\" \/>\n<meta property=\"og:image\" content=\"https:\/\/forumszombathely.hu\/wp-content\/uploads\/szombathely-makettvaros-iseum08.jpg\" \/>\n\t<meta property=\"og:image:width\" content=\"1600\" \/>\n\t<meta property=\"og:image:height\" content=\"1067\" \/>\n\t<meta property=\"og:image:type\" content=\"image\/jpeg\" \/>\n<meta name=\"author\" content=\"admin\" \/>\n<meta name=\"twitter:card\" content=\"summary_large_image\" \/>\n<meta name=\"twitter:label1\" content=\"Verfasst von\" \/>\n\t<meta name=\"twitter:data1\" content=\"admin\" \/>\n<script type=\"application\/ld+json\" class=\"yoast-schema-graph\">{\"@context\":\"https:\/\/schema.org\",\"@graph\":[{\"@type\":\"Article\",\"@id\":\"https:\/\/forumszombathely.hu\/de\/archaeologische-werkstatt-und-kulturstaette-iseum\/#article\",\"isPartOf\":{\"@id\":\"https:\/\/forumszombathely.hu\/de\/archaeologische-werkstatt-und-kulturstaette-iseum\/\"},\"author\":{\"name\":\"admin\",\"@id\":\"https:\/\/forumszombathely.hu\/#\/schema\/person\/566180cea2834f9d12f9100b35586163\"},\"headline\":\"Arch\u00e4ologische Werkstatt und Kulturst\u00e4tte &#8222;ISEUM&#8220;\",\"datePublished\":\"2018-10-22T18:23:43+00:00\",\"dateModified\":\"2019-01-28T17:36:01+00:00\",\"mainEntityOfPage\":{\"@id\":\"https:\/\/forumszombathely.hu\/de\/archaeologische-werkstatt-und-kulturstaette-iseum\/\"},\"wordCount\":54,\"publisher\":{\"@id\":\"https:\/\/forumszombathely.hu\/#organization\"},\"image\":{\"@id\":\"https:\/\/forumszombathely.hu\/de\/archaeologische-werkstatt-und-kulturstaette-iseum\/#primaryimage\"},\"thumbnailUrl\":\"https:\/\/forumszombathely.hu\/wp-content\/uploads\/szombathely-makettvaros-iseum08.jpg\",\"articleSection\":[\"Sehensw\u00fcrdigkeiten\"],\"inLanguage\":\"de\"},{\"@type\":\"WebPage\",\"@id\":\"https:\/\/forumszombathely.hu\/de\/archaeologische-werkstatt-und-kulturstaette-iseum\/\",\"url\":\"https:\/\/forumszombathely.hu\/de\/archaeologische-werkstatt-und-kulturstaette-iseum\/\",\"name\":\"Arch\u00e4ologische Werkstatt und Kulturst\u00e4tte \\\"ISEUM\\\" - Forum Hotel ****\",\"isPartOf\":{\"@id\":\"https:\/\/forumszombathely.hu\/#website\"},\"primaryImageOfPage\":{\"@id\":\"https:\/\/forumszombathely.hu\/de\/archaeologische-werkstatt-und-kulturstaette-iseum\/#primaryimage\"},\"image\":{\"@id\":\"https:\/\/forumszombathely.hu\/de\/archaeologische-werkstatt-und-kulturstaette-iseum\/#primaryimage\"},\"thumbnailUrl\":\"https:\/\/forumszombathely.hu\/wp-content\/uploads\/szombathely-makettvaros-iseum08.jpg\",\"datePublished\":\"2018-10-22T18:23:43+00:00\",\"dateModified\":\"2019-01-28T17:36:01+00:00\",\"breadcrumb\":{\"@id\":\"https:\/\/forumszombathely.hu\/de\/archaeologische-werkstatt-und-kulturstaette-iseum\/#breadcrumb\"},\"inLanguage\":\"de\",\"potentialAction\":[{\"@type\":\"ReadAction\",\"target\":[\"https:\/\/forumszombathely.hu\/de\/archaeologische-werkstatt-und-kulturstaette-iseum\/\"]}]},{\"@type\":\"ImageObject\",\"inLanguage\":\"de\",\"@id\":\"https:\/\/forumszombathely.hu\/de\/archaeologische-werkstatt-und-kulturstaette-iseum\/#primaryimage\",\"url\":\"https:\/\/forumszombathely.hu\/wp-content\/uploads\/szombathely-makettvaros-iseum08.jpg\",\"contentUrl\":\"https:\/\/forumszombathely.hu\/wp-content\/uploads\/szombathely-makettvaros-iseum08.jpg\",\"width\":1600,\"height\":1067},{\"@type\":\"BreadcrumbList\",\"@id\":\"https:\/\/forumszombathely.hu\/de\/archaeologische-werkstatt-und-kulturstaette-iseum\/#breadcrumb\",\"itemListElement\":[{\"@type\":\"ListItem\",\"position\":1,\"name\":\"Home\",\"item\":\"https:\/\/forumszombathely.hu\/de\/\"},{\"@type\":\"ListItem\",\"position\":2,\"name\":\"Arch\u00e4ologische Werkstatt und Kulturst\u00e4tte &#8222;ISEUM&#8221;\"}]},{\"@type\":\"WebSite\",\"@id\":\"https:\/\/forumszombathely.hu\/#website\",\"url\":\"https:\/\/forumszombathely.hu\/\",\"name\":\"Forum Hotel ****\",\"description\":\"Szombathely leg\u00fajabb \u00fczleti sz\u00e1llod\u00e1ja\",\"publisher\":{\"@id\":\"https:\/\/forumszombathely.hu\/#organization\"},\"potentialAction\":[{\"@type\":\"SearchAction\",\"target\":{\"@type\":\"EntryPoint\",\"urlTemplate\":\"https:\/\/forumszombathely.hu\/?s={search_term_string}\"},\"query-input\":{\"@type\":\"PropertyValueSpecification\",\"valueRequired\":true,\"valueName\":\"search_term_string\"}}],\"inLanguage\":\"de\"},{\"@type\":\"Organization\",\"@id\":\"https:\/\/forumszombathely.hu\/#organization\",\"name\":\"Forum \u00c9tterem \u00e9s Sz\u00e1lloda Szombathely\",\"url\":\"https:\/\/forumszombathely.hu\/\",\"logo\":{\"@type\":\"ImageObject\",\"inLanguage\":\"de\",\"@id\":\"https:\/\/forumszombathely.hu\/#\/schema\/logo\/image\/\",\"url\":\"https:\/\/forumszombathely.hu\/wp-content\/uploads\/forumszombathely-restaurant-de-share.jpg\",\"contentUrl\":\"https:\/\/forumszombathely.hu\/wp-content\/uploads\/forumszombathely-restaurant-de-share.jpg\",\"width\":1200,\"height\":628,\"caption\":\"Forum \u00c9tterem \u00e9s Sz\u00e1lloda Szombathely\"},\"image\":{\"@id\":\"https:\/\/forumszombathely.hu\/#\/schema\/logo\/image\/\"}},{\"@type\":\"Person\",\"@id\":\"https:\/\/forumszombathely.hu\/#\/schema\/person\/566180cea2834f9d12f9100b35586163\",\"name\":\"admin\",\"image\":{\"@type\":\"ImageObject\",\"inLanguage\":\"de\",\"@id\":\"https:\/\/secure.gravatar.com\/avatar\/57880039eccb28a6e1d8b52279c1455afc245c722c2911cb6e2ceb689ff24cd1?s=96&d=mm&r=g\",\"url\":\"https:\/\/secure.gravatar.com\/avatar\/57880039eccb28a6e1d8b52279c1455afc245c722c2911cb6e2ceb689ff24cd1?s=96&d=mm&r=g\",\"contentUrl\":\"https:\/\/secure.gravatar.com\/avatar\/57880039eccb28a6e1d8b52279c1455afc245c722c2911cb6e2ceb689ff24cd1?s=96&d=mm&r=g\",\"caption\":\"admin\"}}]}<\/script>\n<!-- \/ Yoast SEO plugin. -->","yoast_head_json":{"title":"Arch\u00e4ologische Werkstatt und Kulturst\u00e4tte \"ISEUM\" - Forum Hotel ****","robots":{"index":"index","follow":"follow","max-snippet":"max-snippet:-1","max-image-preview":"max-image-preview:large","max-video-preview":"max-video-preview:-1"},"canonical":"https:\/\/forumszombathely.hu\/de\/archaeologische-werkstatt-und-kulturstaette-iseum\/","og_locale":"de_DE","og_type":"article","og_title":"Arch\u00e4ologische Werkstatt und Kulturst\u00e4tte \"ISEUM\" - Forum Hotel ****","og_description":"C\u00edm: 9700 Szombathely,\u00a0R\u00e1k\u00f3czi Ferenc utca 6.-8. Telefon: +3694501709, +3694900255,\u00a0+36303118794 Mail: iseumsavariense@gmail.com Web: http:\/\/savariamuseum.hu Nyitvatart\u00e1s: H\u00e9tf\u0151 Z\u00c1RVA Kedd 10:00 - 17:00 Szerda 10:00 - 17:00 Cs\u00fct\u00f6rt\u00f6k 10:00 - 17:00 P\u00e9ntek 10:00 - 17:00 Szombat 10:00 - 17:00 Vas\u00e1rnap 10:00 - 17:00","og_url":"https:\/\/forumszombathely.hu\/de\/archaeologische-werkstatt-und-kulturstaette-iseum\/","og_site_name":"Forum Hotel ****","article_published_time":"2018-10-22T18:23:43+00:00","article_modified_time":"2019-01-28T17:36:01+00:00","og_image":[{"width":1600,"height":1067,"url":"https:\/\/forumszombathely.hu\/wp-content\/uploads\/szombathely-makettvaros-iseum08.jpg","type":"image\/jpeg"}],"author":"admin","twitter_card":"summary_large_image","twitter_misc":{"Verfasst von":"admin"},"schema":{"@context":"https:\/\/schema.org","@graph":[{"@type":"Article","@id":"https:\/\/forumszombathely.hu\/de\/archaeologische-werkstatt-und-kulturstaette-iseum\/#article","isPartOf":{"@id":"https:\/\/forumszombathely.hu\/de\/archaeologische-werkstatt-und-kulturstaette-iseum\/"},"author":{"name":"admin","@id":"https:\/\/forumszombathely.hu\/#\/schema\/person\/566180cea2834f9d12f9100b35586163"},"headline":"Arch\u00e4ologische Werkstatt und Kulturst\u00e4tte &#8222;ISEUM&#8220;","datePublished":"2018-10-22T18:23:43+00:00","dateModified":"2019-01-28T17:36:01+00:00","mainEntityOfPage":{"@id":"https:\/\/forumszombathely.hu\/de\/archaeologische-werkstatt-und-kulturstaette-iseum\/"},"wordCount":54,"publisher":{"@id":"https:\/\/forumszombathely.hu\/#organization"},"image":{"@id":"https:\/\/forumszombathely.hu\/de\/archaeologische-werkstatt-und-kulturstaette-iseum\/#primaryimage"},"thumbnailUrl":"https:\/\/forumszombathely.hu\/wp-content\/uploads\/szombathely-makettvaros-iseum08.jpg","articleSection":["Sehensw\u00fcrdigkeiten"],"inLanguage":"de"},{"@type":"WebPage","@id":"https:\/\/forumszombathely.hu\/de\/archaeologische-werkstatt-und-kulturstaette-iseum\/","url":"https:\/\/forumszombathely.hu\/de\/archaeologische-werkstatt-und-kulturstaette-iseum\/","name":"Arch\u00e4ologische Werkstatt und Kulturst\u00e4tte \"ISEUM\" - Forum Hotel ****","isPartOf":{"@id":"https:\/\/forumszombathely.hu\/#website"},"primaryImageOfPage":{"@id":"https:\/\/forumszombathely.hu\/de\/archaeologische-werkstatt-und-kulturstaette-iseum\/#primaryimage"},"image":{"@id":"https:\/\/forumszombathely.hu\/de\/archaeologische-werkstatt-und-kulturstaette-iseum\/#primaryimage"},"thumbnailUrl":"https:\/\/forumszombathely.hu\/wp-content\/uploads\/szombathely-makettvaros-iseum08.jpg","datePublished":"2018-10-22T18:23:43+00:00","dateModified":"2019-01-28T17:36:01+00:00","breadcrumb":{"@id":"https:\/\/forumszombathely.hu\/de\/archaeologische-werkstatt-und-kulturstaette-iseum\/#breadcrumb"},"inLanguage":"de","potentialAction":[{"@type":"ReadAction","target":["https:\/\/forumszombathely.hu\/de\/archaeologische-werkstatt-und-kulturstaette-iseum\/"]}]},{"@type":"ImageObject","inLanguage":"de","@id":"https:\/\/forumszombathely.hu\/de\/archaeologische-werkstatt-und-kulturstaette-iseum\/#primaryimage","url":"https:\/\/forumszombathely.hu\/wp-content\/uploads\/szombathely-makettvaros-iseum08.jpg","contentUrl":"https:\/\/forumszombathely.hu\/wp-content\/uploads\/szombathely-makettvaros-iseum08.jpg","width":1600,"height":1067},{"@type":"BreadcrumbList","@id":"https:\/\/forumszombathely.hu\/de\/archaeologische-werkstatt-und-kulturstaette-iseum\/#breadcrumb","itemListElement":[{"@type":"ListItem","position":1,"name":"Home","item":"https:\/\/forumszombathely.hu\/de\/"},{"@type":"ListItem","position":2,"name":"Arch\u00e4ologische Werkstatt und Kulturst\u00e4tte &#8222;ISEUM&#8221;"}]},{"@type":"WebSite","@id":"https:\/\/forumszombathely.hu\/#website","url":"https:\/\/forumszombathely.hu\/","name":"Forum Hotel ****","description":"Szombathely leg\u00fajabb \u00fczleti sz\u00e1llod\u00e1ja","publisher":{"@id":"https:\/\/forumszombathely.hu\/#organization"},"potentialAction":[{"@type":"SearchAction","target":{"@type":"EntryPoint","urlTemplate":"https:\/\/forumszombathely.hu\/?s={search_term_string}"},"query-input":{"@type":"PropertyValueSpecification","valueRequired":true,"valueName":"search_term_string"}}],"inLanguage":"de"},{"@type":"Organization","@id":"https:\/\/forumszombathely.hu\/#organization","name":"Forum \u00c9tterem \u00e9s Sz\u00e1lloda Szombathely","url":"https:\/\/forumszombathely.hu\/","logo":{"@type":"ImageObject","inLanguage":"de","@id":"https:\/\/forumszombathely.hu\/#\/schema\/logo\/image\/","url":"https:\/\/forumszombathely.hu\/wp-content\/uploads\/forumszombathely-restaurant-de-share.jpg","contentUrl":"https:\/\/forumszombathely.hu\/wp-content\/uploads\/forumszombathely-restaurant-de-share.jpg","width":1200,"height":628,"caption":"Forum \u00c9tterem \u00e9s Sz\u00e1lloda Szombathely"},"image":{"@id":"https:\/\/forumszombathely.hu\/#\/schema\/logo\/image\/"}},{"@type":"Person","@id":"https:\/\/forumszombathely.hu\/#\/schema\/person\/566180cea2834f9d12f9100b35586163","name":"admin","image":{"@type":"ImageObject","inLanguage":"de","@id":"https:\/\/secure.gravatar.com\/avatar\/57880039eccb28a6e1d8b52279c1455afc245c722c2911cb6e2ceb689ff24cd1?s=96&d=mm&r=g","url":"https:\/\/secure.gravatar.com\/avatar\/57880039eccb28a6e1d8b52279c1455afc245c722c2911cb6e2ceb689ff24cd1?s=96&d=mm&r=g","contentUrl":"https:\/\/secure.gravatar.com\/avatar\/57880039eccb28a6e1d8b52279c1455afc245c722c2911cb6e2ceb689ff24cd1?s=96&d=mm&r=g","caption":"admin"}}]}},"_links":{"self":[{"href":"https:\/\/forumszombathely.hu\/de\/wp-json\/wp\/v2\/posts\/4807","targetHints":{"allow":["GET"]}}],"collection":[{"href":"https:\/\/forumszombathely.hu\/de\/wp-json\/wp\/v2\/posts"}],"about":[{"href":"https:\/\/forumszombathely.hu\/de\/wp-json\/wp\/v2\/types\/post"}],"author":[{"embeddable":true,"href":"https:\/\/forumszombathely.hu\/de\/wp-json\/wp\/v2\/users\/1"}],"replies":[{"embeddable":true,"href":"https:\/\/forumszombathely.hu\/de\/wp-json\/wp\/v2\/comments?post=4807"}],"version-history":[{"count":0,"href":"https:\/\/forumszombathely.hu\/de\/wp-json\/wp\/v2\/posts\/4807\/revisions"}],"wp:featuredmedia":[{"embeddable":true,"href":"https:\/\/forumszombathely.hu\/de\/wp-json\/wp\/v2\/media\/4808"}],"wp:attachment":[{"href":"https:\/\/forumszombathely.hu\/de\/wp-json\/wp\/v2\/media?parent=4807"}],"wp:term":[{"taxonomy":"category","embeddable":true,"href":"https:\/\/forumszombathely.hu\/de\/wp-json\/wp\/v2\/categories?post=4807"},{"taxonomy":"post_tag","embeddable":true,"href":"https:\/\/forumszombathely.hu\/de\/wp-json\/wp\/v2\/tags?post=4807"}],"curies":[{"name":"wp","href":"https:\/\/api.w.org\/{rel}","templated":true}]}}