{"id":5079,"date":"2018-10-29T20:49:50","date_gmt":"2018-10-29T19:49:50","guid":{"rendered":"https:\/\/forumszombathely.hu\/tofurdo\/"},"modified":"2023-04-28T12:46:29","modified_gmt":"2023-04-28T10:46:29","slug":"tofurdo","status":"publish","type":"post","link":"https:\/\/forumszombathely.hu\/de\/tofurdo\/","title":{"rendered":"T\u00f3f\u00fcrd\u0151"},"content":{"rendered":"<p>[et_pb_section fb_built=&#8220;1&#8243; _builder_version=&#8220;4.20.0&#8243; background_color=&#8220;#1f1f1f&#8220; use_background_color_gradient=&#8220;on&#8220; background_color_gradient_stops=&#8220;rgba(31,31,31,0.9) 0%|rgba(0,0,0,0.66) 100%&#8220; background_color_gradient_overlays_image=&#8220;on&#8220; background_color_gradient_start=&#8220;rgba(31,31,31,0.9)&#8220; background_color_gradient_end=&#8220;rgba(0,0,0,0.66)&#8220; background_image=&#8220;https:\/\/forumszombathely.hu\/wp-content\/uploads\/tofurdo_panorama.jpg&#8220; bottom_divider_style=&#8220;slant2&#8243; bottom_divider_color=&#8220;#ffffff&#8220; bottom_divider_flip=&#8220;horizontal&#8220; animation_style=&#8220;zoom&#8220; animation_intensity_zoom=&#8220;4%&#8220; hover_enabled=&#8220;0&#8243; locked=&#8220;off&#8220; global_colors_info=&#8220;{}&#8220; alt=&#8220;T\u00f3f\u00fcrd\u0151&#8220; title_text=&#8220;tofurdo_panorama&#8220; sticky_enabled=&#8220;0&#8243;][et_pb_row _builder_version=&#8220;4.19.0&#8243; custom_margin=&#8220;60px||60px||false|false&#8220; global_colors_info=&#8220;{}&#8220;][et_pb_column type=&#8220;4_4&#8243; _builder_version=&#8220;4.16&#8243; custom_padding=&#8220;|||&#8220; global_colors_info=&#8220;{}&#8220; custom_padding__hover=&#8220;|||&#8220;][et_pb_text _builder_version=&#8220;4.20.0&#8243; header_font=&#8220;Playfair Display||||||||&#8220; header_text_align=&#8220;center&#8220; header_text_color=&#8220;#ffffff&#8220; header_font_size=&#8220;72px&#8220; header_2_font=&#8220;Playfair Display||||||||&#8220; header_2_text_align=&#8220;center&#8220; header_2_text_color=&#8220;#b3b3b3&#8243; header_2_font_size=&#8220;24px&#8220; text_orientation=&#8220;center&#8220; hover_enabled=&#8220;0&#8243; header_font_size_tablet=&#8220;72px&#8220; header_font_size_phone=&#8220;25px&#8220; header_font_size_last_edited=&#8220;on|phone&#8220; header_2_font_size_tablet=&#8220;24px&#8220; header_2_font_size_phone=&#8220;18px&#8220; header_2_font_size_last_edited=&#8220;on|phone&#8220; global_colors_info=&#8220;{}&#8220; sticky_enabled=&#8220;0&#8243;]<\/p>\n<h1 class=\"gdlr-page-title\">T\u00f3f\u00fcrd\u0151<\/h1>\n<h2>\u00a0<\/h2>\n<p>[\/et_pb_text][\/et_pb_column][\/et_pb_row][\/et_pb_section][et_pb_section fb_built=&#8220;1&#8243; _builder_version=&#8220;4.16&#8243; global_colors_info=&#8220;{}&#8220;][et_pb_row _builder_version=&#8220;4.16&#8243; background_size=&#8220;initial&#8220; background_position=&#8220;top_left&#8220; background_repeat=&#8220;repeat&#8220; global_colors_info=&#8220;{}&#8220;][et_pb_column type=&#8220;4_4&#8243; _builder_version=&#8220;4.16&#8243; custom_padding=&#8220;|||&#8220; global_colors_info=&#8220;{}&#8220; custom_padding__hover=&#8220;|||&#8220;][et_pb_text _builder_version=&#8220;4.16&#8243; background_size=&#8220;initial&#8220; background_position=&#8220;top_left&#8220; background_repeat=&#8220;repeat&#8220; global_colors_info=&#8220;{}&#8220;]<\/p>\n<div style=\"text-align: justify;\">A T\u00f3f\u00fcrd\u0151 Szombathely t\u00f6bb medenc\u00e9vel, \u00e9lm\u00e9nyelemekkel, j\u00e1t\u00e9kbirodalommal \u00e9s cs\u00faszdaparkkal v\u00e1rja a csal\u00e1d minden tagj\u00e1t. A ligetes k\u00f6rnyezetben tal\u00e1lhat\u00f3 f\u00fcrd\u0151 hatalmas z\u00f6ldter\u00fclet\u00e9vel\u00a0ide\u00e1lis kikapcsol\u00f3d\u00e1st ny\u00fajt minden koroszt\u00e1lynak. A gyerekek sz\u00f3rakoz\u00e1s\u00e1t sz\u00e1mos izgalmas szolg\u00e1ltat\u00e1s szolg\u00e1lja.\u00a0A f\u00fcrd\u0151ben egy \u00fasz\u00f3 \u00e9s egy tanmedence \u00e1ll a sportolni v\u00e1gy\u00f3k rendelkez\u00e9s\u00e9re. A strandol\u00f3kat\u00a0egy \u00e9lm\u00e9nyelemekkel felszerelt kalandmedence, egy gyermekmedence \u00e9s egy cs\u00faszdamedence v\u00e1rja. A medenc\u00e9k mellett n\u00e9gy\u00a0\u00f3ri\u00e1scs\u00faszd\u00e1b\u00f3l \u00e1ll\u00f3 cs\u00faszdaegy\u00fcttes \u00e1ll a fiatalabb koroszt\u00e1ly rendelkez\u00e9s\u00e9re. A f\u00fcrd\u0151 ter\u00fclet\u00e9n cs\u00f3nak\u00e1z\u00f3 t\u00f3 tal\u00e1lhat\u00f3,\u00a0cs\u00f3nakok \u00e9s v\u00edzibiciklik b\u00e9rl\u00e9s\u00e9re is van lehet\u0151s\u00e9g.<\/div>\n<div><\/div>\n<div><\/div>\n<div><img loading=\"lazy\" decoding=\"async\" class=\"aligncenter wp-image-4620 size-full\" src=\"https:\/\/forumszombathely.hu\/wp-content\/uploads\/tofurdo_panorama.jpg\" alt=\"\" width=\"900\" height=\"311\" srcset=\"https:\/\/forumszombathely.hu\/wp-content\/uploads\/tofurdo_panorama.jpg 900w, https:\/\/forumszombathely.hu\/wp-content\/uploads\/tofurdo_panorama-300x104.jpg 300w, https:\/\/forumszombathely.hu\/wp-content\/uploads\/tofurdo_panorama-768x265.jpg 768w\" sizes=\"(max-width: 900px) 100vw, 900px\" \/><\/div>\n<div>\n<div><\/div>\n<div style=\"text-align: justify;\">A strand ter\u00fclet\u00e9n egy kilenctorny\u00fa, cs\u00faszd\u00e1ival \u00e9s k\u00f6t\u00e9ll\u00e9tr\u00e1ival ell\u00e1tott fav\u00e1r szolg\u00e1lja a gyerekek\u00a0\u00f6nfeledt kikapcsol\u00f3d\u00e1s\u00e1t. A v\u00e1r huszonh\u00e9t m\u00e9ter hossz\u00fa falait ink\u00e1bb a nagyobb lurk\u00f3k h\u00f3d\u00edthatj\u00e1k meg. A kisebbek sz\u00e1m\u00e1ra a v\u00e1r k\u00f6rny\u00e9k\u00e9n tal\u00e1lhat\u00f3 vizes j\u00e1tsz\u00f3helyek \u00e9s dombcs\u00faszd\u00e1k \u00e1llnak rendelkez\u00e9sre. A parkban tov\u00e1bb\u00e1 dr\u00f3tk\u00f6t\u00e9lp\u00e1lya, valamint rug\u00f3s j\u00e1t\u00e9kok \u00e9s\u00a0m\u00e1sz\u00f3k\u00e1k v\u00e1rj\u00e1k a gyerekeket.<\/div>\n<\/div>\n<div><\/div>\n<div>A bel\u00e9p\u0151kr\u0151l \u00e9s nyitva tart\u00e1sr\u00f3l ide kattintva tal\u00e1l b\u0151vebb inform\u00e1ci\u00f3t:<a href=\"http:\/\/www.szova.hu\/ToFuRDo.html\">\u00a0http:\/\/www.szova.hu\/ToFuRDo.html<\/a><\/div>\n<p>[\/et_pb_text][\/et_pb_column][\/et_pb_row][\/et_pb_section]<\/p>\n","protected":false},"excerpt":{"rendered":"<p>T\u00f3f\u00fcrd\u0151 \u00a0A T\u00f3f\u00fcrd\u0151 Szombathely t\u00f6bb medenc\u00e9vel, \u00e9lm\u00e9nyelemekkel, j\u00e1t\u00e9kbirodalommal \u00e9s cs\u00faszdaparkkal v\u00e1rja a csal\u00e1d minden tagj\u00e1t. A ligetes k\u00f6rnyezetben tal\u00e1lhat\u00f3 f\u00fcrd\u0151 hatalmas z\u00f6ldter\u00fclet\u00e9vel\u00a0ide\u00e1lis kikapcsol\u00f3d\u00e1st ny\u00fajt minden koroszt\u00e1lynak. A gyerekek sz\u00f3rakoz\u00e1s\u00e1t sz\u00e1mos izgalmas szolg\u00e1ltat\u00e1s szolg\u00e1lja.\u00a0A f\u00fcrd\u0151ben egy \u00fasz\u00f3 \u00e9s egy tanmedence \u00e1ll a sportolni v\u00e1gy\u00f3k rendelkez\u00e9s\u00e9re. A strandol\u00f3kat\u00a0egy \u00e9lm\u00e9nyelemekkel felszerelt kalandmedence, egy gyermekmedence \u00e9s egy cs\u00faszdamedence v\u00e1rja. [&hellip;]<\/p>\n","protected":false},"author":1,"featured_media":5080,"comment_status":"closed","ping_status":"closed","sticky":false,"template":"","format":"standard","meta":{"_et_pb_use_builder":"on","_et_pb_old_content":"<div style=\"text-align: justify;\">A T\u00f3f\u00fcrd\u0151 Szombathely t\u00f6bb medenc\u00e9vel, \u00e9lm\u00e9nyelemekkel, j\u00e1t\u00e9kbirodalommal \u00e9s cs\u00faszdaparkkal v\u00e1rja a csal\u00e1d minden tagj\u00e1t. A ligetes k\u00f6rnyezetben tal\u00e1lhat\u00f3 f\u00fcrd\u0151 hatalmas z\u00f6ldter\u00fclet\u00e9vel\u00a0ide\u00e1lis kikapcsol\u00f3d\u00e1st ny\u00fajt minden koroszt\u00e1lynak. A gyerekek sz\u00f3rakoz\u00e1s\u00e1t sz\u00e1mos izgalmas szolg\u00e1ltat\u00e1s szolg\u00e1lja.\u00a0A f\u00fcrd\u0151ben egy \u00fasz\u00f3 \u00e9s egy tanmedence \u00e1ll a sportolni v\u00e1gy\u00f3k rendelkez\u00e9s\u00e9re. A strandol\u00f3kat\u00a0egy \u00e9lm\u00e9nyelemekkel felszerelt kalandmedence, egy gyermekmedence \u00e9s egy cs\u00faszdamedence v\u00e1rja. A medenc\u00e9k mellett n\u00e9gy\u00a0\u00f3ri\u00e1scs\u00faszd\u00e1b\u00f3l \u00e1ll\u00f3 cs\u00faszdaegy\u00fcttes \u00e1ll a fiatalabb koroszt\u00e1ly rendelkez\u00e9s\u00e9re. A f\u00fcrd\u0151 ter\u00fclet\u00e9n cs\u00f3nak\u00e1z\u00f3 t\u00f3 tal\u00e1lhat\u00f3,\u00a0cs\u00f3nakok \u00e9s v\u00edzibiciklik b\u00e9rl\u00e9s\u00e9re is van lehet\u0151s\u00e9g.<\/div><div>\u00a0<\/div><div>\u00a0<\/div><div><img class=\"aligncenter wp-image-4620 size-full\" src=\"https:\/\/forumszombathely.hu\/wp-content\/uploads\/tofurdo_panorama.jpg\" alt=\"\" width=\"900\" height=\"311\" \/><\/div><div><div>\u00a0<\/div><div style=\"text-align: justify;\">A strand ter\u00fclet\u00e9n egy kilenctorny\u00fa, cs\u00faszd\u00e1ival \u00e9s k\u00f6t\u00e9ll\u00e9tr\u00e1ival ell\u00e1tott fav\u00e1r szolg\u00e1lja a gyerekek\u00a0\u00f6nfeledt kikapcsol\u00f3d\u00e1s\u00e1t. A v\u00e1r huszonh\u00e9t m\u00e9ter hossz\u00fa falait ink\u00e1bb a nagyobb lurk\u00f3k h\u00f3d\u00edthatj\u00e1k meg. A kisebbek sz\u00e1m\u00e1ra a v\u00e1r k\u00f6rny\u00e9k\u00e9n tal\u00e1lhat\u00f3 vizes j\u00e1tsz\u00f3helyek \u00e9s dombcs\u00faszd\u00e1k \u00e1llnak rendelkez\u00e9sre. A parkban tov\u00e1bb\u00e1 dr\u00f3tk\u00f6t\u00e9lp\u00e1lya, valamint rug\u00f3s j\u00e1t\u00e9kok \u00e9s\u00a0m\u00e1sz\u00f3k\u00e1k v\u00e1rj\u00e1k a gyerekeket.<\/div><\/div><div>\u00a0<\/div><div>A bel\u00e9p\u0151kr\u0151l \u00e9s nyitva tart\u00e1sr\u00f3l ide kattintva tal\u00e1l b\u0151vebb inform\u00e1ci\u00f3t:<a href=\"http:\/\/www.szova.hu\/ToFuRDo.html\">\u00a0http:\/\/www.szova.hu\/ToFuRDo.html<\/a><\/div>","_et_gb_content_width":"","footnotes":""},"categories":[56],"tags":[],"class_list":["post-5079","post","type-post","status-publish","format-standard","has-post-thumbnail","hentry","category-latnivalok-de"],"yoast_head":"<!-- This site is optimized with the Yoast SEO plugin v27.2 - https:\/\/yoast.com\/product\/yoast-seo-wordpress\/ -->\n<title>T\u00f3f\u00fcrd\u0151 - Forum Hotel ****<\/title>\n<meta name=\"robots\" content=\"index, follow, max-snippet:-1, max-image-preview:large, max-video-preview:-1\" \/>\n<link rel=\"canonical\" href=\"https:\/\/forumszombathely.hu\/de\/tofurdo\/\" \/>\n<meta property=\"og:locale\" content=\"de_DE\" \/>\n<meta property=\"og:type\" content=\"article\" \/>\n<meta property=\"og:title\" content=\"T\u00f3f\u00fcrd\u0151 - Forum Hotel ****\" \/>\n<meta property=\"og:description\" content=\"T\u00f3f\u00fcrd\u0151 \u00a0A T\u00f3f\u00fcrd\u0151 Szombathely t\u00f6bb medenc\u00e9vel, \u00e9lm\u00e9nyelemekkel, j\u00e1t\u00e9kbirodalommal \u00e9s cs\u00faszdaparkkal v\u00e1rja a csal\u00e1d minden tagj\u00e1t. A ligetes k\u00f6rnyezetben tal\u00e1lhat\u00f3 f\u00fcrd\u0151 hatalmas z\u00f6ldter\u00fclet\u00e9vel\u00a0ide\u00e1lis kikapcsol\u00f3d\u00e1st ny\u00fajt minden koroszt\u00e1lynak. A gyerekek sz\u00f3rakoz\u00e1s\u00e1t sz\u00e1mos izgalmas szolg\u00e1ltat\u00e1s szolg\u00e1lja.\u00a0A f\u00fcrd\u0151ben egy \u00fasz\u00f3 \u00e9s egy tanmedence \u00e1ll a sportolni v\u00e1gy\u00f3k rendelkez\u00e9s\u00e9re. A strandol\u00f3kat\u00a0egy \u00e9lm\u00e9nyelemekkel felszerelt kalandmedence, egy gyermekmedence \u00e9s egy cs\u00faszdamedence v\u00e1rja. [&hellip;]\" \/>\n<meta property=\"og:url\" content=\"https:\/\/forumszombathely.hu\/de\/tofurdo\/\" \/>\n<meta property=\"og:site_name\" content=\"Forum Hotel ****\" \/>\n<meta property=\"article:published_time\" content=\"2018-10-29T19:49:50+00:00\" \/>\n<meta property=\"article:modified_time\" content=\"2023-04-28T10:46:29+00:00\" \/>\n<meta property=\"og:image\" content=\"https:\/\/forumszombathely.hu\/wp-content\/uploads\/termalfurdo_tofurdo_szombathely_1.jpg\" \/>\n\t<meta property=\"og:image:width\" content=\"900\" \/>\n\t<meta property=\"og:image:height\" content=\"600\" \/>\n\t<meta property=\"og:image:type\" content=\"image\/jpeg\" \/>\n<meta name=\"author\" content=\"admin\" \/>\n<meta name=\"twitter:card\" content=\"summary_large_image\" \/>\n<meta name=\"twitter:label1\" content=\"Verfasst von\" \/>\n\t<meta name=\"twitter:data1\" content=\"admin\" \/>\n\t<meta name=\"twitter:label2\" content=\"Gesch\u00e4tzte Lesezeit\" \/>\n\t<meta name=\"twitter:data2\" content=\"1\u00a0Minute\" \/>\n<script type=\"application\/ld+json\" class=\"yoast-schema-graph\">{\"@context\":\"https:\/\/schema.org\",\"@graph\":[{\"@type\":\"Article\",\"@id\":\"https:\/\/forumszombathely.hu\/de\/tofurdo\/#article\",\"isPartOf\":{\"@id\":\"https:\/\/forumszombathely.hu\/de\/tofurdo\/\"},\"author\":{\"name\":\"admin\",\"@id\":\"https:\/\/forumszombathely.hu\/#\/schema\/person\/566180cea2834f9d12f9100b35586163\"},\"headline\":\"T\u00f3f\u00fcrd\u0151\",\"datePublished\":\"2018-10-29T19:49:50+00:00\",\"dateModified\":\"2023-04-28T10:46:29+00:00\",\"mainEntityOfPage\":{\"@id\":\"https:\/\/forumszombathely.hu\/de\/tofurdo\/\"},\"wordCount\":554,\"publisher\":{\"@id\":\"https:\/\/forumszombathely.hu\/#organization\"},\"image\":{\"@id\":\"https:\/\/forumszombathely.hu\/de\/tofurdo\/#primaryimage\"},\"thumbnailUrl\":\"https:\/\/forumszombathely.hu\/wp-content\/uploads\/termalfurdo_tofurdo_szombathely_1.jpg\",\"articleSection\":[\"Sehensw\u00fcrdigkeiten\"],\"inLanguage\":\"de\"},{\"@type\":\"WebPage\",\"@id\":\"https:\/\/forumszombathely.hu\/de\/tofurdo\/\",\"url\":\"https:\/\/forumszombathely.hu\/de\/tofurdo\/\",\"name\":\"T\u00f3f\u00fcrd\u0151 - Forum Hotel ****\",\"isPartOf\":{\"@id\":\"https:\/\/forumszombathely.hu\/#website\"},\"primaryImageOfPage\":{\"@id\":\"https:\/\/forumszombathely.hu\/de\/tofurdo\/#primaryimage\"},\"image\":{\"@id\":\"https:\/\/forumszombathely.hu\/de\/tofurdo\/#primaryimage\"},\"thumbnailUrl\":\"https:\/\/forumszombathely.hu\/wp-content\/uploads\/termalfurdo_tofurdo_szombathely_1.jpg\",\"datePublished\":\"2018-10-29T19:49:50+00:00\",\"dateModified\":\"2023-04-28T10:46:29+00:00\",\"breadcrumb\":{\"@id\":\"https:\/\/forumszombathely.hu\/de\/tofurdo\/#breadcrumb\"},\"inLanguage\":\"de\",\"potentialAction\":[{\"@type\":\"ReadAction\",\"target\":[\"https:\/\/forumszombathely.hu\/de\/tofurdo\/\"]}]},{\"@type\":\"ImageObject\",\"inLanguage\":\"de\",\"@id\":\"https:\/\/forumszombathely.hu\/de\/tofurdo\/#primaryimage\",\"url\":\"https:\/\/forumszombathely.hu\/wp-content\/uploads\/termalfurdo_tofurdo_szombathely_1.jpg\",\"contentUrl\":\"https:\/\/forumszombathely.hu\/wp-content\/uploads\/termalfurdo_tofurdo_szombathely_1.jpg\",\"width\":900,\"height\":600},{\"@type\":\"BreadcrumbList\",\"@id\":\"https:\/\/forumszombathely.hu\/de\/tofurdo\/#breadcrumb\",\"itemListElement\":[{\"@type\":\"ListItem\",\"position\":1,\"name\":\"Home\",\"item\":\"https:\/\/forumszombathely.hu\/de\/\"},{\"@type\":\"ListItem\",\"position\":2,\"name\":\"T\u00f3f\u00fcrd\u0151\"}]},{\"@type\":\"WebSite\",\"@id\":\"https:\/\/forumszombathely.hu\/#website\",\"url\":\"https:\/\/forumszombathely.hu\/\",\"name\":\"Forum Hotel ****\",\"description\":\"Szombathely leg\u00fajabb \u00fczleti sz\u00e1llod\u00e1ja\",\"publisher\":{\"@id\":\"https:\/\/forumszombathely.hu\/#organization\"},\"potentialAction\":[{\"@type\":\"SearchAction\",\"target\":{\"@type\":\"EntryPoint\",\"urlTemplate\":\"https:\/\/forumszombathely.hu\/?s={search_term_string}\"},\"query-input\":{\"@type\":\"PropertyValueSpecification\",\"valueRequired\":true,\"valueName\":\"search_term_string\"}}],\"inLanguage\":\"de\"},{\"@type\":\"Organization\",\"@id\":\"https:\/\/forumszombathely.hu\/#organization\",\"name\":\"Forum \u00c9tterem \u00e9s Sz\u00e1lloda Szombathely\",\"url\":\"https:\/\/forumszombathely.hu\/\",\"logo\":{\"@type\":\"ImageObject\",\"inLanguage\":\"de\",\"@id\":\"https:\/\/forumszombathely.hu\/#\/schema\/logo\/image\/\",\"url\":\"https:\/\/forumszombathely.hu\/wp-content\/uploads\/forumszombathely-restaurant-de-share.jpg\",\"contentUrl\":\"https:\/\/forumszombathely.hu\/wp-content\/uploads\/forumszombathely-restaurant-de-share.jpg\",\"width\":1200,\"height\":628,\"caption\":\"Forum \u00c9tterem \u00e9s Sz\u00e1lloda Szombathely\"},\"image\":{\"@id\":\"https:\/\/forumszombathely.hu\/#\/schema\/logo\/image\/\"}},{\"@type\":\"Person\",\"@id\":\"https:\/\/forumszombathely.hu\/#\/schema\/person\/566180cea2834f9d12f9100b35586163\",\"name\":\"admin\",\"image\":{\"@type\":\"ImageObject\",\"inLanguage\":\"de\",\"@id\":\"https:\/\/secure.gravatar.com\/avatar\/57880039eccb28a6e1d8b52279c1455afc245c722c2911cb6e2ceb689ff24cd1?s=96&d=mm&r=g\",\"url\":\"https:\/\/secure.gravatar.com\/avatar\/57880039eccb28a6e1d8b52279c1455afc245c722c2911cb6e2ceb689ff24cd1?s=96&d=mm&r=g\",\"contentUrl\":\"https:\/\/secure.gravatar.com\/avatar\/57880039eccb28a6e1d8b52279c1455afc245c722c2911cb6e2ceb689ff24cd1?s=96&d=mm&r=g\",\"caption\":\"admin\"}}]}<\/script>\n<!-- \/ Yoast SEO plugin. -->","yoast_head_json":{"title":"T\u00f3f\u00fcrd\u0151 - Forum Hotel ****","robots":{"index":"index","follow":"follow","max-snippet":"max-snippet:-1","max-image-preview":"max-image-preview:large","max-video-preview":"max-video-preview:-1"},"canonical":"https:\/\/forumszombathely.hu\/de\/tofurdo\/","og_locale":"de_DE","og_type":"article","og_title":"T\u00f3f\u00fcrd\u0151 - Forum Hotel ****","og_description":"T\u00f3f\u00fcrd\u0151 \u00a0A T\u00f3f\u00fcrd\u0151 Szombathely t\u00f6bb medenc\u00e9vel, \u00e9lm\u00e9nyelemekkel, j\u00e1t\u00e9kbirodalommal \u00e9s cs\u00faszdaparkkal v\u00e1rja a csal\u00e1d minden tagj\u00e1t. A ligetes k\u00f6rnyezetben tal\u00e1lhat\u00f3 f\u00fcrd\u0151 hatalmas z\u00f6ldter\u00fclet\u00e9vel\u00a0ide\u00e1lis kikapcsol\u00f3d\u00e1st ny\u00fajt minden koroszt\u00e1lynak. A gyerekek sz\u00f3rakoz\u00e1s\u00e1t sz\u00e1mos izgalmas szolg\u00e1ltat\u00e1s szolg\u00e1lja.\u00a0A f\u00fcrd\u0151ben egy \u00fasz\u00f3 \u00e9s egy tanmedence \u00e1ll a sportolni v\u00e1gy\u00f3k rendelkez\u00e9s\u00e9re. A strandol\u00f3kat\u00a0egy \u00e9lm\u00e9nyelemekkel felszerelt kalandmedence, egy gyermekmedence \u00e9s egy cs\u00faszdamedence v\u00e1rja. [&hellip;]","og_url":"https:\/\/forumszombathely.hu\/de\/tofurdo\/","og_site_name":"Forum Hotel ****","article_published_time":"2018-10-29T19:49:50+00:00","article_modified_time":"2023-04-28T10:46:29+00:00","og_image":[{"width":900,"height":600,"url":"https:\/\/forumszombathely.hu\/wp-content\/uploads\/termalfurdo_tofurdo_szombathely_1.jpg","type":"image\/jpeg"}],"author":"admin","twitter_card":"summary_large_image","twitter_misc":{"Verfasst von":"admin","Gesch\u00e4tzte Lesezeit":"1\u00a0Minute"},"schema":{"@context":"https:\/\/schema.org","@graph":[{"@type":"Article","@id":"https:\/\/forumszombathely.hu\/de\/tofurdo\/#article","isPartOf":{"@id":"https:\/\/forumszombathely.hu\/de\/tofurdo\/"},"author":{"name":"admin","@id":"https:\/\/forumszombathely.hu\/#\/schema\/person\/566180cea2834f9d12f9100b35586163"},"headline":"T\u00f3f\u00fcrd\u0151","datePublished":"2018-10-29T19:49:50+00:00","dateModified":"2023-04-28T10:46:29+00:00","mainEntityOfPage":{"@id":"https:\/\/forumszombathely.hu\/de\/tofurdo\/"},"wordCount":554,"publisher":{"@id":"https:\/\/forumszombathely.hu\/#organization"},"image":{"@id":"https:\/\/forumszombathely.hu\/de\/tofurdo\/#primaryimage"},"thumbnailUrl":"https:\/\/forumszombathely.hu\/wp-content\/uploads\/termalfurdo_tofurdo_szombathely_1.jpg","articleSection":["Sehensw\u00fcrdigkeiten"],"inLanguage":"de"},{"@type":"WebPage","@id":"https:\/\/forumszombathely.hu\/de\/tofurdo\/","url":"https:\/\/forumszombathely.hu\/de\/tofurdo\/","name":"T\u00f3f\u00fcrd\u0151 - Forum Hotel ****","isPartOf":{"@id":"https:\/\/forumszombathely.hu\/#website"},"primaryImageOfPage":{"@id":"https:\/\/forumszombathely.hu\/de\/tofurdo\/#primaryimage"},"image":{"@id":"https:\/\/forumszombathely.hu\/de\/tofurdo\/#primaryimage"},"thumbnailUrl":"https:\/\/forumszombathely.hu\/wp-content\/uploads\/termalfurdo_tofurdo_szombathely_1.jpg","datePublished":"2018-10-29T19:49:50+00:00","dateModified":"2023-04-28T10:46:29+00:00","breadcrumb":{"@id":"https:\/\/forumszombathely.hu\/de\/tofurdo\/#breadcrumb"},"inLanguage":"de","potentialAction":[{"@type":"ReadAction","target":["https:\/\/forumszombathely.hu\/de\/tofurdo\/"]}]},{"@type":"ImageObject","inLanguage":"de","@id":"https:\/\/forumszombathely.hu\/de\/tofurdo\/#primaryimage","url":"https:\/\/forumszombathely.hu\/wp-content\/uploads\/termalfurdo_tofurdo_szombathely_1.jpg","contentUrl":"https:\/\/forumszombathely.hu\/wp-content\/uploads\/termalfurdo_tofurdo_szombathely_1.jpg","width":900,"height":600},{"@type":"BreadcrumbList","@id":"https:\/\/forumszombathely.hu\/de\/tofurdo\/#breadcrumb","itemListElement":[{"@type":"ListItem","position":1,"name":"Home","item":"https:\/\/forumszombathely.hu\/de\/"},{"@type":"ListItem","position":2,"name":"T\u00f3f\u00fcrd\u0151"}]},{"@type":"WebSite","@id":"https:\/\/forumszombathely.hu\/#website","url":"https:\/\/forumszombathely.hu\/","name":"Forum Hotel ****","description":"Szombathely leg\u00fajabb \u00fczleti sz\u00e1llod\u00e1ja","publisher":{"@id":"https:\/\/forumszombathely.hu\/#organization"},"potentialAction":[{"@type":"SearchAction","target":{"@type":"EntryPoint","urlTemplate":"https:\/\/forumszombathely.hu\/?s={search_term_string}"},"query-input":{"@type":"PropertyValueSpecification","valueRequired":true,"valueName":"search_term_string"}}],"inLanguage":"de"},{"@type":"Organization","@id":"https:\/\/forumszombathely.hu\/#organization","name":"Forum \u00c9tterem \u00e9s Sz\u00e1lloda Szombathely","url":"https:\/\/forumszombathely.hu\/","logo":{"@type":"ImageObject","inLanguage":"de","@id":"https:\/\/forumszombathely.hu\/#\/schema\/logo\/image\/","url":"https:\/\/forumszombathely.hu\/wp-content\/uploads\/forumszombathely-restaurant-de-share.jpg","contentUrl":"https:\/\/forumszombathely.hu\/wp-content\/uploads\/forumszombathely-restaurant-de-share.jpg","width":1200,"height":628,"caption":"Forum \u00c9tterem \u00e9s Sz\u00e1lloda Szombathely"},"image":{"@id":"https:\/\/forumszombathely.hu\/#\/schema\/logo\/image\/"}},{"@type":"Person","@id":"https:\/\/forumszombathely.hu\/#\/schema\/person\/566180cea2834f9d12f9100b35586163","name":"admin","image":{"@type":"ImageObject","inLanguage":"de","@id":"https:\/\/secure.gravatar.com\/avatar\/57880039eccb28a6e1d8b52279c1455afc245c722c2911cb6e2ceb689ff24cd1?s=96&d=mm&r=g","url":"https:\/\/secure.gravatar.com\/avatar\/57880039eccb28a6e1d8b52279c1455afc245c722c2911cb6e2ceb689ff24cd1?s=96&d=mm&r=g","contentUrl":"https:\/\/secure.gravatar.com\/avatar\/57880039eccb28a6e1d8b52279c1455afc245c722c2911cb6e2ceb689ff24cd1?s=96&d=mm&r=g","caption":"admin"}}]}},"_links":{"self":[{"href":"https:\/\/forumszombathely.hu\/de\/wp-json\/wp\/v2\/posts\/5079","targetHints":{"allow":["GET"]}}],"collection":[{"href":"https:\/\/forumszombathely.hu\/de\/wp-json\/wp\/v2\/posts"}],"about":[{"href":"https:\/\/forumszombathely.hu\/de\/wp-json\/wp\/v2\/types\/post"}],"author":[{"embeddable":true,"href":"https:\/\/forumszombathely.hu\/de\/wp-json\/wp\/v2\/users\/1"}],"replies":[{"embeddable":true,"href":"https:\/\/forumszombathely.hu\/de\/wp-json\/wp\/v2\/comments?post=5079"}],"version-history":[{"count":0,"href":"https:\/\/forumszombathely.hu\/de\/wp-json\/wp\/v2\/posts\/5079\/revisions"}],"wp:featuredmedia":[{"embeddable":true,"href":"https:\/\/forumszombathely.hu\/de\/wp-json\/wp\/v2\/media\/5080"}],"wp:attachment":[{"href":"https:\/\/forumszombathely.hu\/de\/wp-json\/wp\/v2\/media?parent=5079"}],"wp:term":[{"taxonomy":"category","embeddable":true,"href":"https:\/\/forumszombathely.hu\/de\/wp-json\/wp\/v2\/categories?post=5079"},{"taxonomy":"post_tag","embeddable":true,"href":"https:\/\/forumszombathely.hu\/de\/wp-json\/wp\/v2\/tags?post=5079"}],"curies":[{"name":"wp","href":"https:\/\/api.w.org\/{rel}","templated":true}]}}